{"id":1,"date":"2022-12-30T22:15:38","date_gmt":"2022-12-30T21:15:38","guid":{"rendered":"http:\/\/sens-foi.fr\/?p=1"},"modified":"2025-12-05T22:44:35","modified_gmt":"2025-12-05T21:44:35","slug":"atelier-decriture-slam","status":"publish","type":"post","link":"https:\/\/sens-foi.fr\/index.php\/2022\/12\/30\/atelier-decriture-slam\/","title":{"rendered":"Atelier d\u2019\u00e9criture SLAM"},"content":{"rendered":"\n<p>Le slam, \u00e7a claque. \u00e7a secoue, \u00e7a embrasse. Le slam, c\u2019est une parole \u00e0 soi adress\u00e9e \u00e0 un autre, qui fait maillage de sens.<\/p>\n\n\n\n<p><\/p>\n","protected":false},"excerpt":{"rendered":"<p>Le slam, \u00e7a claque. \u00e7a secoue, \u00e7a embrasse. Le slam, c\u2019est une parole \u00e0 soi adress\u00e9e \u00e0 un autre, qui fait maillage de sens.<\/p>\n","protected":false},"author":1,"featured_media":0,"comment_status":"closed","ping_status":"closed","sticky":false,"template":"","format":"standard","meta":{"footnotes":""},"categories":[11,14],"tags":[],"class_list":["post-1","post","type-post","status-publish","format-standard","hentry","category-11","category-theatre-et-recit"],"_links":{"self":[{"href":"https:\/\/sens-foi.fr\/index.php\/wp-json\/wp\/v2\/posts\/1","targetHints":{"allow":["GET"]}}],"collection":[{"href":"https:\/\/sens-foi.fr\/index.php\/wp-json\/wp\/v2\/posts"}],"about":[{"href":"https:\/\/sens-foi.fr\/index.php\/wp-json\/wp\/v2\/types\/post"}],"author":[{"embeddable":true,"href":"https:\/\/sens-foi.fr\/index.php\/wp-json\/wp\/v2\/users\/1"}],"replies":[{"embeddable":true,"href":"https:\/\/sens-foi.fr\/index.php\/wp-json\/wp\/v2\/comments?post=1"}],"version-history":[{"count":2,"href":"https:\/\/sens-foi.fr\/index.php\/wp-json\/wp\/v2\/posts\/1\/revisions"}],"predecessor-version":[{"id":1651,"href":"https:\/\/sens-foi.fr\/index.php\/wp-json\/wp\/v2\/posts\/1\/revisions\/1651"}],"wp:attachment":[{"href":"https:\/\/sens-foi.fr\/index.php\/wp-json\/wp\/v2\/media?parent=1"}],"wp:term":[{"taxonomy":"category","embeddable":true,"href":"https:\/\/sens-foi.fr\/index.php\/wp-json\/wp\/v2\/categories?post=1"},{"taxonomy":"post_tag","embeddable":true,"href":"https:\/\/sens-foi.fr\/index.php\/wp-json\/wp\/v2\/tags?post=1"}],"curies":[{"name":"wp","href":"https:\/\/api.w.org\/{rel}","templated":true}]}}