{"id":1460,"date":"2025-11-15T10:14:38","date_gmt":"2025-11-15T09:14:38","guid":{"rendered":"https:\/\/sens-foi.fr\/index.php\/2025\/11\/15\/blog-1\/"},"modified":"2025-12-05T22:43:40","modified_gmt":"2025-12-05T21:43:40","slug":"l-education-de-rita","status":"publish","type":"post","link":"https:\/\/sens-foi.fr\/index.php\/2025\/11\/15\/l-education-de-rita\/","title":{"rendered":"L\u2019\u00e9ducation de Rita"},"content":{"rendered":"\n<p>L\u2019une a soif. L\u2019autre s\u2019ennuie. L\u2019une est coiffeuse. L\u2019autre prof de litt\u00e9rature. Rien n\u2019aurait du les faire se rencontrer. La soif de l\u2019une pique la curiosit\u00e9 de l\u2019autre. Chacun va \u00eatre d\u00e9plac\u00e9. Les deux avancent dans leur recherche d\u2019une direction \u00e0 donner \u00e0 leur vie. La surprise se tisse au c\u0153ur du Nous.<br>En partenariat avec Marcq Terre d\u2019accueil<\/p>\n\n\n\n<p><\/p>\n","protected":false},"excerpt":{"rendered":"<p>L\u2019une a soif. L\u2019autre s\u2019ennuie. L\u2019une est coiffeuse. L\u2019autre prof de litt\u00e9rature. Rien n\u2019aurait du les faire se rencontrer. La soif de l\u2019une pique la curiosit\u00e9 de l\u2019autre. Chacun va \u00eatre d\u00e9plac\u00e9.&hellip;<\/p>\n","protected":false},"author":1,"featured_media":0,"comment_status":"closed","ping_status":"closed","sticky":false,"template":"","format":"standard","meta":{"footnotes":""},"categories":[11,14],"tags":[],"class_list":["post-1460","post","type-post","status-publish","format-standard","hentry","category-11","category-theatre-et-recit"],"_links":{"self":[{"href":"https:\/\/sens-foi.fr\/index.php\/wp-json\/wp\/v2\/posts\/1460","targetHints":{"allow":["GET"]}}],"collection":[{"href":"https:\/\/sens-foi.fr\/index.php\/wp-json\/wp\/v2\/posts"}],"about":[{"href":"https:\/\/sens-foi.fr\/index.php\/wp-json\/wp\/v2\/types\/post"}],"author":[{"embeddable":true,"href":"https:\/\/sens-foi.fr\/index.php\/wp-json\/wp\/v2\/users\/1"}],"replies":[{"embeddable":true,"href":"https:\/\/sens-foi.fr\/index.php\/wp-json\/wp\/v2\/comments?post=1460"}],"version-history":[{"count":3,"href":"https:\/\/sens-foi.fr\/index.php\/wp-json\/wp\/v2\/posts\/1460\/revisions"}],"predecessor-version":[{"id":1662,"href":"https:\/\/sens-foi.fr\/index.php\/wp-json\/wp\/v2\/posts\/1460\/revisions\/1662"}],"wp:attachment":[{"href":"https:\/\/sens-foi.fr\/index.php\/wp-json\/wp\/v2\/media?parent=1460"}],"wp:term":[{"taxonomy":"category","embeddable":true,"href":"https:\/\/sens-foi.fr\/index.php\/wp-json\/wp\/v2\/categories?post=1460"},{"taxonomy":"post_tag","embeddable":true,"href":"https:\/\/sens-foi.fr\/index.php\/wp-json\/wp\/v2\/tags?post=1460"}],"curies":[{"name":"wp","href":"https:\/\/api.w.org\/{rel}","templated":true}]}}