{"id":1462,"date":"2025-11-15T10:14:38","date_gmt":"2025-11-15T09:14:38","guid":{"rendered":"https:\/\/sens-foi.fr\/index.php\/2025\/11\/15\/blog-3\/"},"modified":"2025-12-05T22:43:47","modified_gmt":"2025-12-05T21:43:47","slug":"balade-slamee-au-palais-des-beaux-arts","status":"publish","type":"post","link":"https:\/\/sens-foi.fr\/index.php\/2025\/11\/15\/balade-slamee-au-palais-des-beaux-arts\/","title":{"rendered":"Balade slam\u00e9e au Palais des beaux arts"},"content":{"rendered":"<p>La lumi\u00e8re qui transperce les tableaux. Les couleurs qui inondent nos maux, qui s\u2019\u00e9coulent et d\u00e9boulent en mots. De vos l\u00e8vres qui s\u2019\u00e9parpillent et babillent.<\/p>\n\n\n<p><\/p>\n","protected":false},"excerpt":{"rendered":"<p>La lumi\u00e8re qui transperce les tableaux. Les couleurs qui inondent nos maux, qui s\u2019\u00e9coulent et d\u00e9boulent en mots. De vos l\u00e8vres qui s\u2019\u00e9parpillent et babillent.<\/p>\n","protected":false},"author":1,"featured_media":0,"comment_status":"closed","ping_status":"closed","sticky":false,"template":"","format":"standard","meta":{"footnotes":""},"categories":[15,11],"tags":[],"class_list":["post-1462","post","type-post","status-publish","format-standard","hentry","category-musique-et-performance","category-11"],"_links":{"self":[{"href":"https:\/\/sens-foi.fr\/index.php\/wp-json\/wp\/v2\/posts\/1462","targetHints":{"allow":["GET"]}}],"collection":[{"href":"https:\/\/sens-foi.fr\/index.php\/wp-json\/wp\/v2\/posts"}],"about":[{"href":"https:\/\/sens-foi.fr\/index.php\/wp-json\/wp\/v2\/types\/post"}],"author":[{"embeddable":true,"href":"https:\/\/sens-foi.fr\/index.php\/wp-json\/wp\/v2\/users\/1"}],"replies":[{"embeddable":true,"href":"https:\/\/sens-foi.fr\/index.php\/wp-json\/wp\/v2\/comments?post=1462"}],"version-history":[{"count":2,"href":"https:\/\/sens-foi.fr\/index.php\/wp-json\/wp\/v2\/posts\/1462\/revisions"}],"predecessor-version":[{"id":1612,"href":"https:\/\/sens-foi.fr\/index.php\/wp-json\/wp\/v2\/posts\/1462\/revisions\/1612"}],"wp:attachment":[{"href":"https:\/\/sens-foi.fr\/index.php\/wp-json\/wp\/v2\/media?parent=1462"}],"wp:term":[{"taxonomy":"category","embeddable":true,"href":"https:\/\/sens-foi.fr\/index.php\/wp-json\/wp\/v2\/categories?post=1462"},{"taxonomy":"post_tag","embeddable":true,"href":"https:\/\/sens-foi.fr\/index.php\/wp-json\/wp\/v2\/tags?post=1462"}],"curies":[{"name":"wp","href":"https:\/\/api.w.org\/{rel}","templated":true}]}}